[{"@context":"https:\/\/schema.org\/","@type":"Article","@id":"https:\/\/www.csha.cz\/balkanci-se-zenou-do-unie\/#Article","mainEntityOfPage":"https:\/\/www.csha.cz\/balkanci-se-zenou-do-unie\/","headline":"Balk\u00e1nci se \u017eenou do Unie","name":"Balk\u00e1nci se \u017eenou do Unie","description":"Ji\u017e od roku 1999 se st\u00e1ty b\u00fdval\u00e9 Jugosl\u00e1vie sna\u017e\u00ed plnit Koda\u0148sk\u00e1 krit\u00e9ria nezbytn\u00e1 pro vstup do Evropsk\u00e9 Unie. P\u0159esn\u011bji se jedn\u00e1 o Bosnu a Hercegovinu, &hellip; ","datePublished":"2019-11-11","dateModified":"2023-06-05","author":{"@type":"Person","@id":"https:\/\/www.csha.cz\/author\/#Person","name":"","url":"https:\/\/www.csha.cz\/author\/","identifier":1,"image":{"@type":"ImageObject","@id":"https:\/\/secure.gravatar.com\/avatar\/93f351f97d5e20a41105810347d62b8b573eebe9313df1f71432877ed17f5f1a?s=96&d=mm&r=g","url":"https:\/\/secure.gravatar.com\/avatar\/93f351f97d5e20a41105810347d62b8b573eebe9313df1f71432877ed17f5f1a?s=96&d=mm&r=g","height":96,"width":96}},"publisher":{"@type":"Organization","name":"csha.cz","logo":{"@type":"ImageObject","@id":"\/logo.png","url":"\/logo.png","width":600,"height":60}},"image":{"@type":"ImageObject","@id":"https:\/\/www.csha.cz\/wp-content\/uploads\/img_a361734_w3779_t1574873047.jpg","url":"https:\/\/www.csha.cz\/wp-content\/uploads\/img_a361734_w3779_t1574873047.jpg","height":0,"width":0},"url":"https:\/\/www.csha.cz\/balkanci-se-zenou-do-unie\/","about":["Politika"],"wordCount":405,"articleBody":"Ji\u017e od roku 1999 se st\u00e1ty b\u00fdval\u00e9 Jugosl\u00e1vie sna\u017e\u00ed plnit Koda\u0148sk\u00e1 krit\u00e9ria nezbytn\u00e1 pro vstup do Evropsk\u00e9 Unie. P\u0159esn\u011bji se jedn\u00e1 o Bosnu a Hercegovinu, Srbsko, Alb\u00e1nii, Severn\u00ed Makedonii a \u010cernou Horu. Mezi potenci\u00e1ln\u00ed kandid\u00e1ty ov\u0161em m\u016f\u017eeme po\u010d\u00edtat tak\u00e9 Kosovo, je\u017e roku 2008 vyhl\u00e1silo svou nez\u00e1vislost. Ka\u017ed\u00fd krok m\u00e1 sv\u00e1 pro a proti a ani tento p\u0159\u00edpad nen\u00ed v\u00fdjimkou. Je samoz\u0159ejm\u00e9, \u017ee pro tyto kandid\u00e1ty je p\u0159ijet\u00ed prioritou, jeliko\u017e budou moci \u010derpat z evropsk\u00fdch fond\u016f a mohou se tedy dynami\u010dt\u011bji rozv\u00edjet.&#13; V ot\u00e1zce, jak\u00e9 z jejich p\u0159ijet\u00ed plynou benefity pro ji\u017e \u010dlensk\u00e9 st\u00e1ty, hraje roli p\u0159edev\u0161\u00edm nasycen\u00ed trhu pr\u00e1ce. Po vstupu do Unie se pro ob\u010dany Z\u00e1padn\u00edho Balk\u00e1nu stane cestov\u00e1n\u00ed mnohem dostupn\u011bj\u0161\u00ed, tedy i cesty za prac\u00ed. A\u010dkoli se to n\u011bkter\u00fdm konzervativc\u016fm nemus\u00ed l\u00edbit, p\u0159ece jenom by \u0161lo o dal\u0161\u00ed vlnu migrace, zaplnily by se mnoh\u00e9 d\u00edry na trz\u00edch pr\u00e1ce jednotliv\u00fdch zem\u00ed, \u010cesk\u00e9 republiky nevyj\u00edmaje. Podobn\u011b jako v p\u0159\u00edpad\u011b \u010desk\u00fdch ob\u010dan\u016f pracuj\u00edc\u00edch v N\u011bmecku, \u010di Rakousku, jednalo by se o levnou pracovn\u00ed s\u00edlu.&#13; Nejv\u011bt\u0161\u00edm plusem pro \u010dleny Unie, je ale m\u00edt tyto st\u00e1ty hlavn\u011b na sv\u00e9 stran\u011b. Geograficky m\u00e1 Z. Balk\u00e1n bl\u00edzko tak\u00e9 k Turecku, \u010di Rusku, nemluv\u011b o demografii t\u011bchto zem\u00ed, \u017eije zde i toti\u017e i mnoho muslim\u016f, p\u0159edev\u0161\u00edm v Alb\u00e1nii. Moment\u00e1ln\u011b, je na tomto regionu mnoho uprchl\u00edk\u016f z Afriky i Asie. Dokud se nevy\u0159e\u0161\u00ed migrantsk\u00e1 krize, tedy vlny b\u011b\u017eenc\u016f m\u00ed\u0159\u00edc\u00ed p\u0159edev\u0161\u00edm do N\u011bmecka, Francie apod. Balk\u00e1nsk\u00e9 st\u00e1ty pravd\u011bpodobn\u011b zadr\u017e\u00ed tyto lidi d\u00e9le na sv\u00e9m \u00fazem\u00ed. Ot\u00e1zkou ov\u0161em je, jak a jestli se v\u016fbec n\u011bkdy tato krize vy\u0159e\u0161\u00ed.&#13; I v na\u0161\u00ed republice se jist\u011b najdou tac\u00ed, kte\u0159\u00ed p\u0159ijet\u00ed t\u011bchto zem\u00ed do EU odm\u00edtaj\u00ed, z mnoha r\u016fzn\u00fdch d\u016fvod\u016f, nap\u0159\u00edklad pro\u010d by se z pen\u011bz na\u0161ich da\u0148ov\u00fdch poplatn\u00edk\u016f m\u011blo rozv\u00edjet nap\u0159\u00edklad zem\u011bd\u011blstv\u00ed v Srbsku. Je nutn\u00e9, vzpomenout si na to, jak\u00e9 ud\u011blaly pokroky jednotliv\u00e9 \u010d\u00e1sti \u010cesk\u00e9 republiky v r\u00e1mci rozvoje a rovnosti, od roku 2004.&#13; &#13;                                                                                                                                                                                                                                                                                                                                                                                         3.7\/5 - (9 votes)        "},{"@context":"https:\/\/schema.org\/","@type":"BreadcrumbList","itemListElement":[{"@type":"ListItem","position":1,"name":"Balk\u00e1nci se \u017eenou do Unie","item":"https:\/\/www.csha.cz\/balkanci-se-zenou-do-unie\/#breadcrumbitem"}]}]