[{"@context":"https:\/\/schema.org\/","@type":"Article","@id":"https:\/\/www.csha.cz\/jadran-vzdycky-potesi\/#Article","mainEntityOfPage":"https:\/\/www.csha.cz\/jadran-vzdycky-potesi\/","headline":"Jadran v\u017edycky pot\u011b\u0161\u00ed","name":"Jadran v\u017edycky pot\u011b\u0161\u00ed","description":"Vzpom\u00ednky je\u0161t\u011b nesta\u010dily vyblednout a u\u017e je \u010das napl\u00e1novat leto\u0161n\u00ed dovolenou. A bude to samoz\u0159ejm\u011b Jadran jako ostatn\u011b ka\u017edou sezonu. Ten nikdy nezklame. Slun\u00ed\u010dko si &hellip; ","datePublished":"2023-08-02","dateModified":"2023-08-02","author":{"@type":"Person","@id":"https:\/\/www.csha.cz\/author\/#Person","name":"","url":"https:\/\/www.csha.cz\/author\/","identifier":1,"image":{"@type":"ImageObject","@id":"https:\/\/secure.gravatar.com\/avatar\/93f351f97d5e20a41105810347d62b8b573eebe9313df1f71432877ed17f5f1a?s=96&d=mm&r=g","url":"https:\/\/secure.gravatar.com\/avatar\/93f351f97d5e20a41105810347d62b8b573eebe9313df1f71432877ed17f5f1a?s=96&d=mm&r=g","height":96,"width":96}},"publisher":{"@type":"Organization","name":"csha.cz","logo":{"@type":"ImageObject","@id":"\/logo.png","url":"\/logo.png","width":600,"height":60}},"url":"https:\/\/www.csha.cz\/jadran-vzdycky-potesi\/","wordCount":253,"articleBody":"Vzpom\u00ednky je\u0161t\u011b nesta\u010dily vyblednout a u\u017e je \u010das napl\u00e1novat leto\u0161n\u00ed dovolenou. A bude to samoz\u0159ejm\u011b Jadran jako ostatn\u011b ka\u017edou sezonu. Ten nikdy nezklame. Slun\u00ed\u010dko si tu jen m\u00e1lokdy bere volno, mo\u0159e s pr\u016fzra\u010dn\u011b \u010distou vodou a n\u00e1dhern\u00e9 pl\u00e1\u017ee i spousta dal\u0161\u00edch mo\u017enost\u00ed, jak si tu l\u00e9to par\u00e1dn\u011b u\u017e\u00edt. Ka\u017ed\u00fd m\u00e1 mo\u017enost si ten sv\u016fj odpo\u010dinek napl\u00e1novat a\u017e do posledn\u00edho detailu. S nab\u00eddkou ubytov\u00e1n\u00ed Chorvatsko to nebude \u017e\u00e1dn\u00fd probl\u00e9m. Ve sv\u00e9m po\u010d\u00edta\u010di budete m\u00edt v\u0161echno jako na dlani. Koukn\u011bte na to rad\u011bji hned, aby se na v\u00e1s dostalo.Rezervujte si dovolenou v\u010dasOnline nab\u00eddka ubytov\u00e1n\u00ed Chorvatsko to je tolik mo\u017enost\u00ed, jak si l\u00e9to u Jadranu u\u017e\u00edt, \u017ee bude opravdu t\u011b\u017ek\u00e9 se rozhodnout. Na\u0161t\u011bst\u00ed jsou tyto webov\u00e9 str\u00e1nky na z\u00e1jemce o letn\u00ed relax v obl\u00edben\u00fdch i m\u00e9n\u011b turisticky vyhled\u00e1van\u00fdch destinac\u00edch velmi dob\u0159e p\u0159ipraveny. Krok za krokem v\u00e1s provedou celou nab\u00eddkou a z\u00e1le\u017e\u00ed jen na va\u0161ich p\u0159\u00e1n\u00edch a p\u0159edstav\u00e1ch. Co si rezervujete, to budete m\u00edt. Napl\u00e1nujte si svoji dovolenou v\u010das, abyste m\u011bli z \u010deho vyb\u00edrat. Jedin\u011b tak m\u00e1te z\u00e1ruku, \u017ee v\u00e1m term\u00edn a m\u00edsto na pl\u00e1\u017ei n\u011bkdo nep\u0159ebral.                                                                                                                                                                                                                                                                                                                                                                                        4.1\/5 - (9 votes)        "},{"@context":"https:\/\/schema.org\/","@type":"BreadcrumbList","itemListElement":[{"@type":"ListItem","position":1,"name":"Jadran v\u017edycky pot\u011b\u0161\u00ed","item":"https:\/\/www.csha.cz\/jadran-vzdycky-potesi\/#breadcrumbitem"}]}]