[{"@context":"https:\/\/schema.org\/","@type":"Article","@id":"https:\/\/www.csha.cz\/kde-najdeme-pravou-krasu\/#Article","mainEntityOfPage":"https:\/\/www.csha.cz\/kde-najdeme-pravou-krasu\/","headline":"Kde najdeme pravou kr\u00e1su?","name":"Kde najdeme pravou kr\u00e1su?","description":"Kdy\u017e se \u0159ekne kr\u00e1sa, tak co se V\u00e1m vybav\u00ed? Pokud se zept\u00e1te mu\u017e\u016f, tak jedin\u00e9, co V\u00e1m odpov\u00ed je \u017eensk\u00e1 kr\u00e1sa. Ano, \u017eeny jsou v\u0161eobecn\u011b &hellip; ","datePublished":"2022-03-11","dateModified":"2023-06-05","author":{"@type":"Person","@id":"https:\/\/www.csha.cz\/author\/#Person","name":"","url":"https:\/\/www.csha.cz\/author\/","identifier":1,"image":{"@type":"ImageObject","@id":"https:\/\/secure.gravatar.com\/avatar\/93f351f97d5e20a41105810347d62b8b573eebe9313df1f71432877ed17f5f1a?s=96&d=mm&r=g","url":"https:\/\/secure.gravatar.com\/avatar\/93f351f97d5e20a41105810347d62b8b573eebe9313df1f71432877ed17f5f1a?s=96&d=mm&r=g","height":96,"width":96}},"publisher":{"@type":"Organization","name":"csha.cz","logo":{"@type":"ImageObject","@id":"\/logo.png","url":"\/logo.png","width":600,"height":60}},"image":{"@type":"ImageObject","@id":"https:\/\/www.csha.cz\/wp-content\/uploads\/trees-g7cdd77865_640.jpg","url":"https:\/\/www.csha.cz\/wp-content\/uploads\/trees-g7cdd77865_640.jpg","height":0,"width":0},"url":"https:\/\/www.csha.cz\/kde-najdeme-pravou-krasu\/","about":["Kr\u00e1sa"],"wordCount":449,"articleBody":"Kdy\u017e se \u0159ekne kr\u00e1sa, tak co se V\u00e1m vybav\u00ed? Pokud se zept\u00e1te mu\u017e\u016f, tak jedin\u00e9, co V\u00e1m odpov\u00ed je \u017eensk\u00e1 kr\u00e1sa. Ano, \u017eeny jsou v\u0161eobecn\u011b kr\u00e1sn\u00e9, ale je to opravdu jedin\u00e1 kr\u00e1sa, kterou zn\u00e1me?\u00a0Na t\u00e9to zemi nem\u00e1 nikdo stejn\u00fd pohled na sv\u011bt. M\u016f\u017eeme se na n\u011b\u010dem shodnout, ale ne v\u0161em lidem se l\u00edb\u00ed\u00a0\u00fapln\u011b v\u0161echno. Nap\u0159\u00edklad nikomu nemus\u00ed chutnat\u00a0stejn\u00e1 zmrzlina a nikomu se nel\u00edb\u00ed stejn\u00e9 auto. A tak to je i s kr\u00e1sou. Pokud p\u016fjdete po ulici a zept\u00e1te se ka\u017ed\u00e9ho \u010dlov\u011bka, co si p\u0159edstavuje pod pojmem kr\u00e1sa, tak usly\u0161\u00edte rozmanit\u00e9 odpov\u011bdi. N\u011bkdo m\u016f\u017ee vid\u011bt kr\u00e1su v obrazech, jin\u00fd zase vid\u00ed kr\u00e1su ve zv\u00ed\u0159atech a jin\u00fd\u00a0zase v p\u0159\u00edrod\u011b.Je opravdu mnoho typu kr\u00e1sy. Ka\u017ed\u00fd ji vid\u00ed v n\u011b\u010dem jin\u00e9m. Pokud chcete vid\u011bt, ale skute\u010dnou kr\u00e1su, zajd\u011bte do p\u0159\u00edrody. Nemysl\u00edme p\u0159\u00edrodu ve m\u011bst\u011b. Ta prav\u00e1 kr\u00e1sa p\u0159\u00edrody se neskr\u00fdv\u00e1 v parku ve m\u011bst\u011b. Za takovou kr\u00e1sou mus\u00edte vyjet z m\u011bsta.\u00a0N\u011bkam, kde nejsou lidi. Pokud takov\u00e9 m\u00edsto najdete, tak se zastavte. Zav\u0159ete o\u010di a zaposlouchejte se. Co usly\u0161\u00edte? M\u016f\u017eete sly\u0161et v\u00edtr, kter\u00fd se proh\u00e1n\u00ed mezi stromy, \u0161um\u011bj\u00edc\u00ed listy na stromech, r\u016fzn\u00e9 ptactvo a mnoho dal\u0161\u00edho. Ale v\u00edte, co hlavn\u011b usly\u0161\u00edte? To kr\u00e1sn\u00e9 ticho.\u00a0Kdy\u017e otev\u0159ete o\u010di, u\u017e neuvid\u00edte pouze tr\u00e1vu, stromy a oblohu. Ale uvid\u00edte to jako celek. Uvid\u00edte tu kr\u00e1su p\u0159\u00edrody a jej\u00ed moc. Jak se \u0159\u00edk\u00e1, p\u0159\u00edroda je mocn\u00e1 a um\u00ed l\u00e9\u010dit. Nen\u00ed to my\u0161leno tak, \u017ee pouze\u00a0bylinky z p\u0159\u00edrody um\u00ed l\u00e9\u010dit. Ale je to my\u0161leno i tak, \u017ee um\u00ed l\u00e9\u010dit na\u0161\u00ed du\u0161i. Kdy\u017e je \u010dlov\u011bk v p\u0159\u00edrod\u011b, tak m\u00e1 tendenci vypnout hlavu. Nep\u0159em\u00fd\u0161l\u00ed nad t\u00edm, jak\u00e9 m\u00e1 povinnosti. Ale za\u010dne vn\u00edmat v\u0161echno to okolo. A to je mnohokr\u00e1t lep\u0161\u00ed, ne\u017e zobat n\u011bjak\u00e9 pr\u00e1\u0161ky. Kdy\u017e m\u00e1 \u010dlov\u011bk probl\u00e9m, tak by se m\u011bl sebrat a j\u00edt do p\u0159\u00edrody. Nejen, \u017ee \u010dlov\u011bk zapomene na denn\u00ed shon, ale tak\u00e9 zapomene na r\u016fzn\u00e9 h\u00e1dky. Vnit\u0159n\u011b se uklidn\u00ed. A kdy\u017e se \u010dlov\u011bk uklidn\u00ed, uklidn\u00ed se i atmosf\u00e9ra doma a v\u0161ech lid\u00ed uvnit\u0159. P\u0159\u00edroda je nejmocn\u011bj\u0161\u00ed na zemi, jen my si to nechceme po\u0159\u00e1d p\u0159ipustit.                                                                                                                                                                                                                                                                                                                                                                                        3.7\/5 - (12 votes)        "},{"@context":"https:\/\/schema.org\/","@type":"BreadcrumbList","itemListElement":[{"@type":"ListItem","position":1,"name":"Kde najdeme pravou kr\u00e1su?","item":"https:\/\/www.csha.cz\/kde-najdeme-pravou-krasu\/#breadcrumbitem"}]}]