[{"@context":"https:\/\/schema.org\/","@type":"Article","@id":"https:\/\/www.csha.cz\/rekni-mi-co-jis\/#Article","mainEntityOfPage":"https:\/\/www.csha.cz\/rekni-mi-co-jis\/","headline":"\u0158ekni mi, co j\u00ed\u0161","name":"\u0158ekni mi, co j\u00ed\u0161","description":"&#13; \u010clov\u011bk se tedy m\u016f\u017ee odli\u0161ovat od v\u011bt\u0161iny a zapadat do men\u0161iny mnoha okolnostmi. Nap\u0159\u00edklad t\u00edm&#13; \u00d8jak se obl\u00e9k\u00e1&#13; \u00d8jak tr\u00e1v\u00ed voln\u00fd \u010das&#13; \u00d8jakou vyzn\u00e1v\u00e1 &hellip; ","datePublished":"2020-10-16","dateModified":"2023-06-05","author":{"@type":"Person","@id":"https:\/\/www.csha.cz\/author\/#Person","name":"","url":"https:\/\/www.csha.cz\/author\/","identifier":1,"image":{"@type":"ImageObject","@id":"https:\/\/secure.gravatar.com\/avatar\/93f351f97d5e20a41105810347d62b8b573eebe9313df1f71432877ed17f5f1a?s=96&d=mm&r=g","url":"https:\/\/secure.gravatar.com\/avatar\/93f351f97d5e20a41105810347d62b8b573eebe9313df1f71432877ed17f5f1a?s=96&d=mm&r=g","height":96,"width":96}},"publisher":{"@type":"Organization","name":"csha.cz","logo":{"@type":"ImageObject","@id":"\/logo.png","url":"\/logo.png","width":600,"height":60}},"url":"https:\/\/www.csha.cz\/rekni-mi-co-jis\/","about":["\u017divotn\u00ed styl"],"wordCount":389,"articleBody":"&#13; \u010clov\u011bk se tedy m\u016f\u017ee odli\u0161ovat od v\u011bt\u0161iny a zapadat do men\u0161iny mnoha okolnostmi. Nap\u0159\u00edklad t\u00edm&#13; \u00d8jak se obl\u00e9k\u00e1&#13; \u00d8jak tr\u00e1v\u00ed voln\u00fd \u010das&#13; \u00d8jakou vyzn\u00e1v\u00e1 v\u00edru&#13; \u00d8co j\u00ed.&#13; Do posledn\u00ed skupiny lid\u00ed s odli\u0161n\u00fdm \u017eivotn\u00edm n\u00e1zorem pat\u0159\u00ed jist\u011b vegetari\u00e1ni.&#13; D\u016fvody, kter\u00e9 je vedly k odm\u00edt\u00e1n\u00ed masa mohou b\u00fdt r\u016fzn\u00e9.&#13; 1. Etick\u00e9 \u2013 projevuj\u00ed t\u00edm svou \u00factu ke v\u0161emu \u017eiv\u00e9mu. Mohou sem pat\u0159it i bojovn\u00edci za pr\u00e1va zv\u00ed\u0159at, proto\u017ee necht\u011bj\u00ed, aby byly zv\u00ed\u0159ata vystavov\u00e1na utrpen\u00ed.&#13; 2. Zdravotn\u00ed \u2013 tato skupina lid\u00ed si sv\u00e9 vegetari\u00e1nstv\u00ed a\u017e tak nevybrala, ale bylo jim d\u00e1no hor\u0161\u00edm zdravotn\u00edm stavem anebo rekonvalescenc\u00ed po operaci.&#13; 3. N\u00e1bo\u017eensk\u00e9 \u2013 pro n\u011bkter\u00e1 n\u00e1bo\u017eenstv\u00ed jsou ur\u010dit\u00e1 zv\u00ed\u0159ata ne\u010dist\u00e1 a pro n\u011bkter\u00e1 jsou jin\u00e1 posv\u00e1tn\u00e1.&#13; 4. V\u00fdchova \u2013 v tomto p\u0159\u00edpad\u011b m\u016f\u017ee b\u00fdt vegetari\u00e1nstv\u00ed jen do\u010dasn\u00e9.&#13; &#13; Vejce nebo slepice?&#13; &#13; Zvl\u00e1\u0161tn\u00ed skupinou odp\u00edra\u010d\u016f masa jsou m\u00e9n\u011b zn\u00e1m\u00ed pescetari\u00e1ni, kte\u0159\u00ed mohou do sv\u00e9ho j\u00eddeln\u00ed\u010dku zahrnout pouze ryby. I oni se ale kupodivu po\u010d\u00edtaj\u00ed mezi vegetari\u00e1ny. Ale o tom by se dalo polemizovat. Copak ryby nejsou maso? Jasno v t\u00e9to ot\u00e1zce maj\u00ed dal\u0161\u00ed skupiny lid\u00ed, kte\u0159\u00ed by na sv\u00e9m tal\u00ed\u0159i cokoliv, co bylo n\u011bkdy \u017eiv\u00e9 rozhodn\u011b nesnesli.&#13; \u00d8Frutari\u00e1n \u2013 poz\u0159e pouze plody, kter\u00e9 m\u016f\u017ee z\u00edskat bez sebemen\u0161\u00edho po\u0161kozen\u00ed rostliny.&#13; \u00d8Laktovegetari\u00e1n \u2013 m\u016f\u017ee si pochutn\u00e1vat na v\u0161ech ml\u00e9\u010dn\u00fdch v\u00fdrobc\u00edch, ale nesm\u00ed do sv\u00e9ho j\u00eddeln\u00ed\u010dku zahrnout vejce.&#13; \u00d8Ovovegetari\u00e1n \u2013 je prav\u00fdm opakem p\u0159edchoz\u00edho laktovegetari\u00e1na.&#13; \u00d8Vegan \u2013 je velice vyhran\u011bn\u00e1 skupina. Tento \u010dlov\u011bk nesm\u00ed vlastn\u011b t\u00e9m\u011b\u0159 nic. Nesm\u00ed maso, ml\u00e9ko, med, vejce a \u010di\u0161t\u011bn\u00e9 potraviny.&#13; \u00d8Vitari\u00e1n \u2013 tomuto str\u00e1vn\u00edkovi se \u0159\u00edk\u00e1 syrov\u00fd vegan, proto\u017ee se jeho strava skl\u00e1d\u00e1 z potravin vegana, ale nesm\u00ed je tepeln\u011b upravit. Pouze pomoc\u00ed su\u0161i\u010dky ovoce.&#13; &#13; Mysl\u00edm, \u017ee n\u011bkter\u00e9 jmenovan\u00e9 \u017eivotn\u00ed styly u\u017e jsou tak trochu extr\u00e9my. Ch\u00e1pu, \u017ee m\u016f\u017ee m\u00edt n\u011bkdo odpor k ur\u010dit\u00fdm potravin\u00e1m. Ale t\u00e9m\u011b\u0159 ke v\u0161em?                                                                                                                                                                                                                                                                                                                                                                                        4.8\/5 - (6 votes)        "},{"@context":"https:\/\/schema.org\/","@type":"BreadcrumbList","itemListElement":[{"@type":"ListItem","position":1,"name":"\u0158ekni mi, co j\u00ed\u0161","item":"https:\/\/www.csha.cz\/rekni-mi-co-jis\/#breadcrumbitem"}]}]